{"id":10618,"date":"2025-10-02T13:49:41","date_gmt":"2025-10-02T11:49:41","guid":{"rendered":"https:\/\/blog.coanfi.com?p=10618"},"modified":"2025-10-02T14:19:41","modified_gmt":"2025-10-02T12:19:41","slug":"lanzamiento-de-la-segunda-fase-de-coanfi-residencial-arquerias","status":"publish","type":"post","link":"https:\/\/www.coanfiliving.com\/actualidad\/lanzamiento-de-la-segunda-fase-de-coanfi-residencial-arquerias\/","title":{"rendered":"Lanzamiento de la segunda fase de Coanfi Residencial Arquer\u00edas"},"content":{"rendered":"<p>Tras la gran acogida de la primera fase de\u00a0<a href=\"https:\/\/www.residencialarquerias.com\/\" target=\"_blank\" rel=\"noopener\"><strong>Coanfi Residencial Arquer\u00edas<\/strong><\/a> y con las obras iniciadas desde el mes de abril, comenzamos la comercializaci\u00f3n de la <strong>segunda fase<\/strong> del residencial, con <strong>85 nuevas viviendas a la venta<\/strong>.<\/p>\n<p>Ubicado en Arcosur, Residencial Arquer\u00edas va a contribuir sin duda al crecimiento del barrio, ya que se trata del proyecto VPO de mayor tama\u00f1o en Zaragoza, con sus <strong>\u00a0174 VPO de 3 dormitorios.<\/strong><\/p>\n<p>El barrio zaragozano se est\u00e1 convirtiendo en una de las <strong>zonas residenciales m\u00e1s din\u00e1micas de la capital aragonesa<\/strong>, gracias al impulso que se le ha dado a su desarrollo. En los pr\u00f3ximos dos a\u00f1os Arcosur notar\u00e1 un fuerte incremento de vecinos, ya que <strong>se entregar\u00e1n 1.100 viviendas, <\/strong>consagr\u00e1ndose como el sector que abarca el <strong>80% de la VPO en desarrollo de Zaragoza.<\/strong><\/p>\n<p>Con el prop\u00f3sito de facilitar el acceso a la vivienda en propiedad, desde Coanfi hemos querido mantener unos precios ajustados, <strong>que van desde los 169.000 euros<\/strong>, con plaza de garaje y trastero incluidos.<\/p>\n<p><img loading=\"lazy\" decoding=\"async\" class=\"alignnone size-full wp-image-10606\" src=\"https:\/\/www.coanfiliving.com\/actualidad\/wp-content\/uploads\/2023\/11\/MicrosoftTeams-image-14.png\" alt=\"\" width=\"2354\" height=\"1349\" srcset=\"https:\/\/www.coanfiliving.com\/actualidad\/wp-content\/uploads\/2023\/11\/MicrosoftTeams-image-14.png 2354w, https:\/\/www.coanfiliving.com\/actualidad\/wp-content\/uploads\/2023\/11\/MicrosoftTeams-image-14-300x172.png 300w, https:\/\/www.coanfiliving.com\/actualidad\/wp-content\/uploads\/2023\/11\/MicrosoftTeams-image-14-1024x587.png 1024w, https:\/\/www.coanfiliving.com\/actualidad\/wp-content\/uploads\/2023\/11\/MicrosoftTeams-image-14-768x440.png 768w, https:\/\/www.coanfiliving.com\/actualidad\/wp-content\/uploads\/2023\/11\/MicrosoftTeams-image-14-1536x880.png 1536w, https:\/\/www.coanfiliving.com\/actualidad\/wp-content\/uploads\/2023\/11\/MicrosoftTeams-image-14-2048x1174.png 2048w\" sizes=\"auto, (max-width: 2354px) 100vw, 2354px\" \/><\/p>\n<h3><strong>Coanfi Residencial Arquer\u00edas <\/strong><\/h3>\n<p>Todas las viviendas cuentan con un cuidado dise\u00f1o y est\u00e1n equipadas con cocina completa, armario empotrado\/vestidor, terraza, plaza de garaje y trastero incluidos en el precio.<\/p>\n<p>Dentro de la promoci\u00f3n, existen diferentes opciones, como<strong> bajos con amplias terrazas, pisos de tres dormitorios <\/strong>con terraza y dos ba\u00f1os<strong>, o \u00e1ticos <\/strong>que, seg\u00fan su ubicaci\u00f3n, disponen de un generoso sol\u00e1rium.<\/p>\n<p>El complejo dispondr\u00e1 adem\u00e1s de una de las mejores<strong> zonas comunes <\/strong>de Arcosur, un espacio privado para los vecinos que dispone de<strong> piscina, zona infantil, merendero, zona ajardinada, aparcabicis y taquillas inteligentes para la recogida de compras digitales<\/strong>.<\/p>\n<p><img loading=\"lazy\" decoding=\"async\" class=\"alignnone wp-image-10609 size-full\" src=\"https:\/\/www.coanfiliving.com\/actualidad\/wp-content\/uploads\/2023\/11\/Pat02_Dia_Final-scaled-1.jpg\" alt=\"\" width=\"2560\" height=\"1438\" srcset=\"https:\/\/www.coanfiliving.com\/actualidad\/wp-content\/uploads\/2023\/11\/Pat02_Dia_Final-scaled-1.jpg 2560w, https:\/\/www.coanfiliving.com\/actualidad\/wp-content\/uploads\/2023\/11\/Pat02_Dia_Final-scaled-1-300x169.jpg 300w, https:\/\/www.coanfiliving.com\/actualidad\/wp-content\/uploads\/2023\/11\/Pat02_Dia_Final-scaled-1-1024x575.jpg 1024w, https:\/\/www.coanfiliving.com\/actualidad\/wp-content\/uploads\/2023\/11\/Pat02_Dia_Final-scaled-1-768x431.jpg 768w, https:\/\/www.coanfiliving.com\/actualidad\/wp-content\/uploads\/2023\/11\/Pat02_Dia_Final-scaled-1-1536x863.jpg 1536w, https:\/\/www.coanfiliving.com\/actualidad\/wp-content\/uploads\/2023\/11\/Pat02_Dia_Final-scaled-1-2048x1150.jpg 2048w\" sizes=\"auto, (max-width: 2560px) 100vw, 2560px\" \/><\/p>\n","protected":false},"excerpt":{"rendered":"<p>Tras la gran acogida de la primera fase de\u00a0Coanfi Residencial Arquer\u00edas y con las obras<\/p>\n","protected":false},"author":4,"featured_media":10605,"comment_status":"closed","ping_status":"closed","sticky":false,"template":"","format":"standard","meta":{"footnotes":""},"categories":[5],"tags":[],"class_list":["post-10618","post","type-post","status-publish","format-standard","has-post-thumbnail","hentry","category-coanfi-residencial-arquerias"],"_links":{"self":[{"href":"https:\/\/www.coanfiliving.com\/actualidad\/wp-json\/wp\/v2\/posts\/10618","targetHints":{"allow":["GET"]}}],"collection":[{"href":"https:\/\/www.coanfiliving.com\/actualidad\/wp-json\/wp\/v2\/posts"}],"about":[{"href":"https:\/\/www.coanfiliving.com\/actualidad\/wp-json\/wp\/v2\/types\/post"}],"author":[{"embeddable":true,"href":"https:\/\/www.coanfiliving.com\/actualidad\/wp-json\/wp\/v2\/users\/4"}],"replies":[{"embeddable":true,"href":"https:\/\/www.coanfiliving.com\/actualidad\/wp-json\/wp\/v2\/comments?post=10618"}],"version-history":[{"count":3,"href":"https:\/\/www.coanfiliving.com\/actualidad\/wp-json\/wp\/v2\/posts\/10618\/revisions"}],"predecessor-version":[{"id":11197,"href":"https:\/\/www.coanfiliving.com\/actualidad\/wp-json\/wp\/v2\/posts\/10618\/revisions\/11197"}],"wp:featuredmedia":[{"embeddable":true,"href":"https:\/\/www.coanfiliving.com\/actualidad\/wp-json\/wp\/v2\/media\/10605"}],"wp:attachment":[{"href":"https:\/\/www.coanfiliving.com\/actualidad\/wp-json\/wp\/v2\/media?parent=10618"}],"wp:term":[{"taxonomy":"category","embeddable":true,"href":"https:\/\/www.coanfiliving.com\/actualidad\/wp-json\/wp\/v2\/categories?post=10618"},{"taxonomy":"post_tag","embeddable":true,"href":"https:\/\/www.coanfiliving.com\/actualidad\/wp-json\/wp\/v2\/tags?post=10618"}],"curies":[{"name":"wp","href":"https:\/\/api.w.org\/{rel}","templated":true}]}}